{"id":3921,"date":"2025-12-29T12:21:13","date_gmt":"2025-12-29T12:21:13","guid":{"rendered":"https:\/\/web.somdelbarri.es\/?p=3921"},"modified":"2025-12-29T12:21:13","modified_gmt":"2025-12-29T12:21:13","slug":"09-12-2025-taller-despelmes-de-nadal","status":"publish","type":"post","link":"https:\/\/web.somdelbarri.es\/?p=3921","title":{"rendered":"09\/12\/2025 &#8211; Taller d&#8217;espelmes de Nadal"},"content":{"rendered":"\n<p>Dimarts, el dia 9 de Desembre a les 18:30h, vam organitzar una c\u00e0psula de fabricaci\u00f3 d&#8217;espelmes de Nadal. El taller va tenir lloc en el Centre Ton i Guida on es van presentar 13 participants. Gr\u00e0cies a tothom per participar i esperem que hagueu gaudit d&#8217;aquesta experi\u00e8ncia.<\/p>\n\n\n<div class=\"wp-block-image\">\n<figure class=\"aligncenter size-full\"><img decoding=\"async\" loading=\"lazy\" width=\"1500\" height=\"2000\" src=\"https:\/\/web.somdelbarri.es\/wp-content\/uploads\/2025\/12\/WhatsApp-Image-2025-12-28-at-22.12.00.jpeg\" alt=\"\" class=\"wp-image-3922\"\/><\/figure><\/div>\n\n\n<figure class=\"wp-block-embed alignleft is-type-video is-provider-tiktok wp-block-embed-tiktok\"><div class=\"wp-block-embed__wrapper\">\n<blockquote class=\"tiktok-embed\" cite=\"https:\/\/www.tiktok.com\/@marichica.studio\/video\/7582004464354069782\" data-video-id=\"7582004464354069782\" data-embed-from=\"oembed\" style=\"max-width:605px; min-width:325px;\"> <section> <a target=\"_blank\" title=\"@marichica.studio\" href=\"https:\/\/www.tiktok.com\/@marichica.studio?refer=embed\">@marichica.studio<\/a> <p>Mi primer taller de velas en calidad de instructora. Ha sido una experiencia muy bonita. Muchas gracias a todas las personas que han decidido aprender algo nuevo. <a title=\"velasartesanales\" target=\"_blank\" href=\"https:\/\/www.tiktok.com\/tag\/velasartesanales?refer=embed\">#velasartesanales<\/a>  <a title=\"fup\u30b7foryou\" target=\"_blank\" href=\"https:\/\/www.tiktok.com\/tag\/fup%E3%82%B7foryou?refer=embed\">#fup\u30b7foryou<\/a>  <a title=\"velasaromaticas\" target=\"_blank\" href=\"https:\/\/www.tiktok.com\/tag\/velasaromaticas?refer=embed\">#velasaromaticas<\/a>  <a title=\"fiesta\" target=\"_blank\" href=\"https:\/\/www.tiktok.com\/tag\/fiesta?refer=embed\">#fiesta<\/a>  <a title=\"tallerdevelas\" target=\"_blank\" href=\"https:\/\/www.tiktok.com\/tag\/tallerdevelas?refer=embed\">#tallerdevelas<\/a> <\/p> <a target=\"_blank\" title=\"\u266c sonido original - El sonido del alma\" href=\"https:\/\/www.tiktok.com\/music\/sonido-original-7299906204855454497?refer=embed\">\u266c sonido original &#8211; El sonido del alma<\/a> <\/section> <\/blockquote> <script async src=\"https:\/\/www.tiktok.com\/embed.js\"><\/script>\n<\/div><\/figure>\n\n\n<div class=\"wp-block-image\">\n<figure class=\"aligncenter size-full is-resized\"><img decoding=\"async\" loading=\"lazy\" src=\"https:\/\/web.somdelbarri.es\/wp-content\/uploads\/2025\/12\/WhatsApp-Image-2025-12-28-at-22.09.20-1.jpeg\" alt=\"\" class=\"wp-image-3924\" width=\"333\" height=\"739\"\/><\/figure><\/div>","protected":false},"excerpt":{"rendered":"<p>Dimarts, el dia 9 de Desembre a les 18:30h, vam organitzar una c\u00e0psula de fabricaci\u00f3 d&#8217;espelmes de Nadal. El taller va tenir lloc en el Centre Ton i Guida on [&hellip;]<\/p>\n","protected":false},"author":1,"featured_media":0,"comment_status":"open","ping_status":"open","sticky":false,"template":"","format":"standard","meta":[],"categories":[28],"tags":[],"_links":{"self":[{"href":"https:\/\/web.somdelbarri.es\/index.php?rest_route=\/wp\/v2\/posts\/3921"}],"collection":[{"href":"https:\/\/web.somdelbarri.es\/index.php?rest_route=\/wp\/v2\/posts"}],"about":[{"href":"https:\/\/web.somdelbarri.es\/index.php?rest_route=\/wp\/v2\/types\/post"}],"author":[{"embeddable":true,"href":"https:\/\/web.somdelbarri.es\/index.php?rest_route=\/wp\/v2\/users\/1"}],"replies":[{"embeddable":true,"href":"https:\/\/web.somdelbarri.es\/index.php?rest_route=%2Fwp%2Fv2%2Fcomments&post=3921"}],"version-history":[{"count":1,"href":"https:\/\/web.somdelbarri.es\/index.php?rest_route=\/wp\/v2\/posts\/3921\/revisions"}],"predecessor-version":[{"id":3925,"href":"https:\/\/web.somdelbarri.es\/index.php?rest_route=\/wp\/v2\/posts\/3921\/revisions\/3925"}],"wp:attachment":[{"href":"https:\/\/web.somdelbarri.es\/index.php?rest_route=%2Fwp%2Fv2%2Fmedia&parent=3921"}],"wp:term":[{"taxonomy":"category","embeddable":true,"href":"https:\/\/web.somdelbarri.es\/index.php?rest_route=%2Fwp%2Fv2%2Fcategories&post=3921"},{"taxonomy":"post_tag","embeddable":true,"href":"https:\/\/web.somdelbarri.es\/index.php?rest_route=%2Fwp%2Fv2%2Ftags&post=3921"}],"curies":[{"name":"wp","href":"https:\/\/api.w.org\/{rel}","templated":true}]}}