{"id":3747,"date":"2025-12-17T23:14:29","date_gmt":"2025-12-17T23:14:29","guid":{"rendered":"https:\/\/web.somdelbarri.es\/?p=3747"},"modified":"2025-12-22T10:58:58","modified_gmt":"2025-12-22T10:58:58","slug":"20-09-2025-festa-major-verdun","status":"publish","type":"post","link":"https:\/\/web.somdelbarri.es\/?p=3747","title":{"rendered":"20\/09\/2025 \u2013 Festa Major Verdum"},"content":{"rendered":"\n<p>\ud83c\udf89FM VERDUM 2025 | Us fem un tastet de la s\u00faper nit de Festa Major que vam passar ahir, Verdum va sortir a ballar, passar-ho b\u00e9 i gaudir d&#8217;un ambientazo amb la seva gent maqu\u00edssima\ud83d\udca5<\/p>\n\n\n\n<p>Gr\u00e0cies a tota la gent de la comissi\u00f3 per fer-ho possible, a qui es va apropar a fer un cop de m\u00e0 i a les actuacions incre\u00efbles de&nbsp;<a href=\"https:\/\/www.instagram.com\/caribe_songbcn\/\">@caribe_songbcn<\/a>&nbsp;i&nbsp;<a href=\"https:\/\/www.instagram.com\/dj.lanrinee\/\">@dj.lanrinee<\/a>&nbsp;\ud83e\udde1<\/p>\n\n\n\n<p>Seguiiiim avui amb la diada esportiva, correbars a lsz 19h, parrilada popular i concerts de nit a la Pl. Francesc Layret!<\/p>\n\n\n\n<p><\/p>\n\n\n<div class=\"wp-block-image\">\n<figure class=\"aligncenter size-full\"><img decoding=\"async\" loading=\"lazy\" width=\"475\" height=\"436\" src=\"https:\/\/web.somdelbarri.es\/wp-content\/uploads\/2025\/12\/image-15.png\" alt=\"\" class=\"wp-image-3749\" srcset=\"https:\/\/web.somdelbarri.es\/wp-content\/uploads\/2025\/12\/image-15.png 475w, https:\/\/web.somdelbarri.es\/wp-content\/uploads\/2025\/12\/image-15-300x275.png 300w, https:\/\/web.somdelbarri.es\/wp-content\/uploads\/2025\/12\/image-15-400x367.png 400w, https:\/\/web.somdelbarri.es\/wp-content\/uploads\/2025\/12\/image-15-430x395.png 430w, https:\/\/web.somdelbarri.es\/wp-content\/uploads\/2025\/12\/image-15-150x138.png 150w, https:\/\/web.somdelbarri.es\/wp-content\/uploads\/2025\/12\/image-15-100x92.png 100w\" sizes=\"(max-width: 475px) 100vw, 475px\" \/><\/figure><\/div>\n\n\n<p><\/p>\n","protected":false},"excerpt":{"rendered":"<p>\ud83c\udf89FM VERDUM 2025 | Us fem un tastet de la s\u00faper nit de Festa Major que vam passar ahir, Verdum va sortir a ballar, passar-ho b\u00e9 i gaudir d&#8217;un ambientazo [&hellip;]<\/p>\n","protected":false},"author":1,"featured_media":3749,"comment_status":"open","ping_status":"open","sticky":false,"template":"","format":"standard","meta":[],"categories":[24],"tags":[],"_links":{"self":[{"href":"https:\/\/web.somdelbarri.es\/index.php?rest_route=\/wp\/v2\/posts\/3747"}],"collection":[{"href":"https:\/\/web.somdelbarri.es\/index.php?rest_route=\/wp\/v2\/posts"}],"about":[{"href":"https:\/\/web.somdelbarri.es\/index.php?rest_route=\/wp\/v2\/types\/post"}],"author":[{"embeddable":true,"href":"https:\/\/web.somdelbarri.es\/index.php?rest_route=\/wp\/v2\/users\/1"}],"replies":[{"embeddable":true,"href":"https:\/\/web.somdelbarri.es\/index.php?rest_route=%2Fwp%2Fv2%2Fcomments&post=3747"}],"version-history":[{"count":2,"href":"https:\/\/web.somdelbarri.es\/index.php?rest_route=\/wp\/v2\/posts\/3747\/revisions"}],"predecessor-version":[{"id":3800,"href":"https:\/\/web.somdelbarri.es\/index.php?rest_route=\/wp\/v2\/posts\/3747\/revisions\/3800"}],"wp:featuredmedia":[{"embeddable":true,"href":"https:\/\/web.somdelbarri.es\/index.php?rest_route=\/wp\/v2\/media\/3749"}],"wp:attachment":[{"href":"https:\/\/web.somdelbarri.es\/index.php?rest_route=%2Fwp%2Fv2%2Fmedia&parent=3747"}],"wp:term":[{"taxonomy":"category","embeddable":true,"href":"https:\/\/web.somdelbarri.es\/index.php?rest_route=%2Fwp%2Fv2%2Fcategories&post=3747"},{"taxonomy":"post_tag","embeddable":true,"href":"https:\/\/web.somdelbarri.es\/index.php?rest_route=%2Fwp%2Fv2%2Ftags&post=3747"}],"curies":[{"name":"wp","href":"https:\/\/api.w.org\/{rel}","templated":true}]}}