{"id":3609,"date":"2025-12-07T15:15:47","date_gmt":"2025-12-07T15:15:47","guid":{"rendered":"https:\/\/web.somdelbarri.es\/?p=3609"},"modified":"2025-12-29T16:20:55","modified_gmt":"2025-12-29T16:20:55","slug":"08-12-2025-sortida-terapeutica-als-jardins-del-palau-de-les-heures","status":"publish","type":"post","link":"https:\/\/web.somdelbarri.es\/?p=3609","title":{"rendered":"08\/12\/2025 &#8211; Sortida Terap\u00e8utica als Jardins del Palau de les Heures"},"content":{"rendered":"\n<p>Acompanya&#8217;ns als Jardins del Palau de les Heures per a una sortida terap\u00e8utica. Aprendrem sobre la hist\u00f2ria del Palau de les Heures, els seus jardins i els Llars Mundet. <\/p>\n\n\n\n<p>Ens trobarem a la parada de Metro L3 Mundet, a la sortida banda muntanya a les 10:30. Recordeu d&#8217;emportar aigua i roba c\u00f2moda. <\/p>\n\n\n\n<p>Per les inscripcions, contacteu al n\u00famero 651 500 315 per WhatsApp. <\/p>\n\n\n\n<figure class=\"wp-block-image size-full\"><img decoding=\"async\" loading=\"lazy\" width=\"724\" height=\"1024\" src=\"https:\/\/web.somdelbarri.es\/wp-content\/uploads\/2025\/12\/1765118654889-9572fea3-8055-4d79-a0a5-735c633c0749_1.jpg\" alt=\"\" class=\"wp-image-3615\"\/><\/figure>\n\n\n\n<p><\/p>\n\n\n\n<p>Hem fet una sortida grupal, accessible, inclusiva, de coneixement del medi, tan la hist\u00f2ria i la natura, com de nosaltres mateixes. Molt enriquidora i saludable<\/p>\n\n\n\n<p>La sortida d&#8217;avui, el 8 de Desembre, als Jardins del Palau de les Heures ha sigut una experi\u00e8ncia molt agradable: hem passejat entre arbres enormes, hem descobrit plantes de la zona i hem apr\u00e9s algunes curiositats sobre la hist\u00f2ria del palau. \u00c9s un lloc tranquil, ple de racons bonics, i ens ha ajudat a con\u00e8ixer millor tant la natura com el passat d\u2019aquest espai tan especial. A m\u00e9s, tothom ha tingut la oportunitat de con\u00e8ixer a gent nova i les seves hist\u00f2ries.<\/p>\n\n\n\n<figure class=\"is-layout-flex wp-block-gallery-1 wp-block-gallery has-nested-images columns-default is-cropped\">\n<figure class=\"wp-block-image size-large\"><img decoding=\"async\" loading=\"lazy\" width=\"1536\" height=\"2048\" data-id=\"3946\"  src=\"https:\/\/web.somdelbarri.es\/wp-content\/uploads\/2025\/12\/WhatsApp-Image-2025-12-29-at-17.17.33-1.jpeg\" alt=\"\" class=\"wp-image-3946\"\/><\/figure>\n\n\n\n<figure class=\"wp-block-image size-large\"><img decoding=\"async\" loading=\"lazy\" width=\"2000\" height=\"1125\" data-id=\"3945\"  src=\"https:\/\/web.somdelbarri.es\/wp-content\/uploads\/2025\/12\/WhatsApp-Image-2025-12-29-at-17.17.34.jpeg\" alt=\"\" class=\"wp-image-3945\"\/><\/figure>\n\n\n\n<figure class=\"wp-block-image size-large\"><img decoding=\"async\" loading=\"lazy\" width=\"1536\" height=\"2048\" data-id=\"3944\"  src=\"https:\/\/web.somdelbarri.es\/wp-content\/uploads\/2025\/12\/WhatsApp-Image-2025-12-29-at-17.17.33.jpeg\" alt=\"\" class=\"wp-image-3944\"\/><\/figure>\n\n\n\n<figure class=\"wp-block-image size-large\"><img decoding=\"async\" loading=\"lazy\" width=\"1125\" height=\"2000\" data-id=\"3620\"  src=\"https:\/\/web.somdelbarri.es\/wp-content\/uploads\/2025\/12\/WhatsApp-Image-2025-12-09-at-15.11.18.jpeg\" alt=\"\" class=\"wp-image-3620\"\/><\/figure>\n\n\n\n<figure class=\"wp-block-image size-large\"><img decoding=\"async\" loading=\"lazy\" width=\"1552\" height=\"2048\" data-id=\"3619\"  src=\"https:\/\/web.somdelbarri.es\/wp-content\/uploads\/2025\/12\/WhatsApp-Image-2025-12-09-at-15.12.33.jpeg\" alt=\"\" class=\"wp-image-3619\"\/><\/figure>\n<\/figure>\n\n\n\n<p>\u00abGracias a todas y a todos por haber compartido un hermoso encuentro de naturaleza historia y sobre todo de la naturaleza y la historia de las personas que hemos estado ah\u00ed conectadas.\u00bb<\/p>\n\n\n\n<p>\u00abMe ha encantado. Ha sido una ma\u00f1ana estupenda y un placer conocer tanta gente tan maja \ud83e\udd70 a la pr\u00f3xima me apunto otra vez \ud83d\ude09 la carta y la piedra me han \u00abresonado\u00bb. Las vibraciones del Universo nos han acompa\u00f1ado \ud83d\udc93. Muchas gracias a todas por tan estupendo d\u00eda \ud83e\udd70\ud83d\ude18\ud83d\ude18\ud83d\ude18.\u00bb<\/p>\n\n\n\n<p>\u00abTodav\u00eda me dura el chute energ\u00e9tico del \u00e1rbol.\u00bb<\/p>\n\n\n\n<p><\/p>\n\n\n\n<p>Gr\u00e0cies a tothom per participar a aquesta sortida.<\/p>\n","protected":false},"excerpt":{"rendered":"<p>Acompanya&#8217;ns als Jardins del Palau de les Heures per a una sortida terap\u00e8utica. Aprendrem sobre la hist\u00f2ria del Palau de les Heures, els seus jardins i els Llars Mundet. Ens [&hellip;]<\/p>\n","protected":false},"author":1,"featured_media":3615,"comment_status":"open","ping_status":"open","sticky":false,"template":"","format":"standard","meta":[],"categories":[25],"tags":[],"_links":{"self":[{"href":"https:\/\/web.somdelbarri.es\/index.php?rest_route=\/wp\/v2\/posts\/3609"}],"collection":[{"href":"https:\/\/web.somdelbarri.es\/index.php?rest_route=\/wp\/v2\/posts"}],"about":[{"href":"https:\/\/web.somdelbarri.es\/index.php?rest_route=\/wp\/v2\/types\/post"}],"author":[{"embeddable":true,"href":"https:\/\/web.somdelbarri.es\/index.php?rest_route=\/wp\/v2\/users\/1"}],"replies":[{"embeddable":true,"href":"https:\/\/web.somdelbarri.es\/index.php?rest_route=%2Fwp%2Fv2%2Fcomments&post=3609"}],"version-history":[{"count":8,"href":"https:\/\/web.somdelbarri.es\/index.php?rest_route=\/wp\/v2\/posts\/3609\/revisions"}],"predecessor-version":[{"id":3949,"href":"https:\/\/web.somdelbarri.es\/index.php?rest_route=\/wp\/v2\/posts\/3609\/revisions\/3949"}],"wp:featuredmedia":[{"embeddable":true,"href":"https:\/\/web.somdelbarri.es\/index.php?rest_route=\/wp\/v2\/media\/3615"}],"wp:attachment":[{"href":"https:\/\/web.somdelbarri.es\/index.php?rest_route=%2Fwp%2Fv2%2Fmedia&parent=3609"}],"wp:term":[{"taxonomy":"category","embeddable":true,"href":"https:\/\/web.somdelbarri.es\/index.php?rest_route=%2Fwp%2Fv2%2Fcategories&post=3609"},{"taxonomy":"post_tag","embeddable":true,"href":"https:\/\/web.somdelbarri.es\/index.php?rest_route=%2Fwp%2Fv2%2Ftags&post=3609"}],"curies":[{"name":"wp","href":"https:\/\/api.w.org\/{rel}","templated":true}]}}