{"id":3594,"date":"2025-12-02T21:34:30","date_gmt":"2025-12-02T21:34:30","guid":{"rendered":"https:\/\/web.somdelbarri.es\/?p=3594"},"modified":"2025-12-12T18:58:22","modified_gmt":"2025-12-12T18:58:22","slug":"comunicado-associacio-som-del-barri29-11-2025","status":"publish","type":"post","link":"https:\/\/web.somdelbarri.es\/?p=3594","title":{"rendered":"Comunicado Associaci\u00f3 Som del Barri<br>29\/11\/2025"},"content":{"rendered":"\n<p>Buenas tardes a todas.<\/p>\n\n\n\n<p>Hoy nos reunimos para compartir un momento importante en la historia de Som del Barri. Despu\u00e9s de un largo recorrido, hemos tomado la decisi\u00f3n de cerrar el proyecto de distribuci\u00f3n de alimentos y dejar el local que hemos tenido alquilado durante estos a\u00f1os. No ha sido una decisi\u00f3n f\u00e1cil, pero s\u00ed una decisi\u00f3n cuidada, pensada y coherente con nuestra realidad actual.<\/p>\n\n\n\n<p>Queremos que este cierre no sea le\u00eddo como un final, sino como una transformaci\u00f3n. Porque Som del Barri sigue muy vivo, y seguimos comprometidas con aquello que nos mueve desde el principio: poner la vida en el centro, construir comunidad y sembrar futuros m\u00e1s justos, saludables y sostenibles.<\/p>\n\n\n\n<p>Seguimos adelante con nuestros proyectos, especialmente con el de sensibilizaci\u00f3n en alimentaci\u00f3n saludable y sostenible, que sigue siendo una l\u00ednea central de nuestro trabajo. Y, por supuesto, mantenemos vivo nuestro proyecto Artesanas con los Saberes Tradicionales, donde mujeres del barrio comparten y visibilizan sus conocimientos, y encuentran en la artesan\u00eda una forma de reconocimiento, empoderamiento y expresi\u00f3n.<\/p>\n\n\n\n<p>Hoy tambi\u00e9n queremos compartir con vosotras un gesto simb\u00f3lico y muy especial: bautizamos nuestra marmita Termopol con el nombre de TERMOFLOR. Un nombre que refleja lo que somos: calor, alimento, comunidad y, al mismo tiempo, crecimiento, cuidado y florecimiento colectivo.<\/p>\n\n\n\n<p>Aunque ya no cocinaremos de forma regular, seguiremos ofreciendo catering para grupos y nuestra oferta de olla, adapt\u00e1ndonos a nuevas formas de colaborar y sostener nuestros proyectos.<\/p>\n\n\n\n<p>Nada de lo que hemos construido hubiera sido posible sin vosotras. Queremos poner en valor a las personas voluntarias, a las socias, a las entidades amigas, y en definitiva a todas vosotras y a muchas m\u00e1s que hab\u00e9is puesto tiempo, energ\u00eda, cari\u00f1o y compromiso para que Som del Barri sea lo que es.<\/p>\n\n\n\n<p>Nuestros valores siguen siendo nuestro faro:<br>la vida en el centro, la confianza, el apoyo mutuo, la interseccionalidad, la igualdad, la Econom\u00eda Circular y la Econom\u00eda Social y Solidaria.<br>Son los principios que nos sostienen y que seguir\u00e1n guiando esta nueva etapa.<\/p>\n\n\n\n<p>Gracias por caminar juntas. Gracias por confiar. Gracias por creer en la fuerza transformadora del barrio y de su gente.<\/p>\n\n\n\n<p>Seguimos. Seguimos porque somos, juntas, Som del Barri.<\/p>\n","protected":false},"excerpt":{"rendered":"<p>Buenas tardes a todas. Hoy nos reunimos para compartir un momento importante en la historia de Som del Barri. Despu\u00e9s de un largo recorrido, hemos tomado la decisi\u00f3n de cerrar [&hellip;]<\/p>\n","protected":false},"author":1,"featured_media":0,"comment_status":"open","ping_status":"open","sticky":false,"template":"","format":"standard","meta":[],"categories":[22],"tags":[],"_links":{"self":[{"href":"https:\/\/web.somdelbarri.es\/index.php?rest_route=\/wp\/v2\/posts\/3594"}],"collection":[{"href":"https:\/\/web.somdelbarri.es\/index.php?rest_route=\/wp\/v2\/posts"}],"about":[{"href":"https:\/\/web.somdelbarri.es\/index.php?rest_route=\/wp\/v2\/types\/post"}],"author":[{"embeddable":true,"href":"https:\/\/web.somdelbarri.es\/index.php?rest_route=\/wp\/v2\/users\/1"}],"replies":[{"embeddable":true,"href":"https:\/\/web.somdelbarri.es\/index.php?rest_route=%2Fwp%2Fv2%2Fcomments&post=3594"}],"version-history":[{"count":1,"href":"https:\/\/web.somdelbarri.es\/index.php?rest_route=\/wp\/v2\/posts\/3594\/revisions"}],"predecessor-version":[{"id":3595,"href":"https:\/\/web.somdelbarri.es\/index.php?rest_route=\/wp\/v2\/posts\/3594\/revisions\/3595"}],"wp:attachment":[{"href":"https:\/\/web.somdelbarri.es\/index.php?rest_route=%2Fwp%2Fv2%2Fmedia&parent=3594"}],"wp:term":[{"taxonomy":"category","embeddable":true,"href":"https:\/\/web.somdelbarri.es\/index.php?rest_route=%2Fwp%2Fv2%2Fcategories&post=3594"},{"taxonomy":"post_tag","embeddable":true,"href":"https:\/\/web.somdelbarri.es\/index.php?rest_route=%2Fwp%2Fv2%2Ftags&post=3594"}],"curies":[{"name":"wp","href":"https:\/\/api.w.org\/{rel}","templated":true}]}}