{"id":3579,"date":"2025-03-08T20:46:48","date_gmt":"2025-03-08T20:46:48","guid":{"rendered":"https:\/\/web.somdelbarri.es\/?p=3579"},"modified":"2025-12-12T19:10:45","modified_gmt":"2025-12-12T19:10:45","slug":"8-marc-2025-celebracio-dia-internacional-de-la-dona","status":"publish","type":"post","link":"https:\/\/web.somdelbarri.es\/?p=3579","title":{"rendered":"8 Mar\u00e7 2025 Celebraci\u00f3 Dia Internacional de la Dona"},"content":{"rendered":"\n<p>Els Comit\u00e8s que han celebrat el 8 M del districte de Nou Barris i de la Sagrera han encarregat al nostre projecte de Cuina Comunit\u00e0ria unes llenties. <\/p>\n\n\n\n<p>El comit\u00e8 de Nou Barris per a 160 persones i el de la Sagrera per a 50 persones.<\/p>\n\n\n\n<figure class=\"wp-block-image size-full\"><img decoding=\"async\" loading=\"lazy\" width=\"591\" height=\"733\" src=\"https:\/\/web.somdelbarri.es\/wp-content\/uploads\/2025\/03\/8_3_25_Acto_8M-1.jpeg\" alt=\"\" class=\"wp-image-3581\"\/><figcaption class=\"wp-element-caption\">Dones del projecte de Cuina menjant les llenties bon\u00edssimes amb les ve\u00efnes.<\/figcaption><\/figure>\n","protected":false},"excerpt":{"rendered":"<p>Els Comit\u00e8s que han celebrat el 8 M del districte de Nou Barris i de la Sagrera han encarregat al nostre projecte de Cuina Comunit\u00e0ria unes llenties. El comit\u00e8 de [&hellip;]<\/p>\n","protected":false},"author":1,"featured_media":0,"comment_status":"open","ping_status":"open","sticky":false,"template":"","format":"standard","meta":[],"categories":[22],"tags":[],"_links":{"self":[{"href":"https:\/\/web.somdelbarri.es\/index.php?rest_route=\/wp\/v2\/posts\/3579"}],"collection":[{"href":"https:\/\/web.somdelbarri.es\/index.php?rest_route=\/wp\/v2\/posts"}],"about":[{"href":"https:\/\/web.somdelbarri.es\/index.php?rest_route=\/wp\/v2\/types\/post"}],"author":[{"embeddable":true,"href":"https:\/\/web.somdelbarri.es\/index.php?rest_route=\/wp\/v2\/users\/1"}],"replies":[{"embeddable":true,"href":"https:\/\/web.somdelbarri.es\/index.php?rest_route=%2Fwp%2Fv2%2Fcomments&post=3579"}],"version-history":[{"count":2,"href":"https:\/\/web.somdelbarri.es\/index.php?rest_route=\/wp\/v2\/posts\/3579\/revisions"}],"predecessor-version":[{"id":3583,"href":"https:\/\/web.somdelbarri.es\/index.php?rest_route=\/wp\/v2\/posts\/3579\/revisions\/3583"}],"wp:attachment":[{"href":"https:\/\/web.somdelbarri.es\/index.php?rest_route=%2Fwp%2Fv2%2Fmedia&parent=3579"}],"wp:term":[{"taxonomy":"category","embeddable":true,"href":"https:\/\/web.somdelbarri.es\/index.php?rest_route=%2Fwp%2Fv2%2Fcategories&post=3579"},{"taxonomy":"post_tag","embeddable":true,"href":"https:\/\/web.somdelbarri.es\/index.php?rest_route=%2Fwp%2Fv2%2Ftags&post=3579"}],"curies":[{"name":"wp","href":"https:\/\/api.w.org\/{rel}","templated":true}]}}