{"id":3551,"date":"2024-11-17T19:31:14","date_gmt":"2024-11-17T19:31:14","guid":{"rendered":"https:\/\/web.somdelbarri.es\/?p=3551"},"modified":"2025-12-12T18:59:38","modified_gmt":"2025-12-12T18:59:38","slug":"16-novembre-2024-presentacio-al-casal-popular-3voltes-rebel-de-som-la-cuina-comunitaria-de-9barris","status":"publish","type":"post","link":"https:\/\/web.somdelbarri.es\/?p=3551","title":{"rendered":"16 novembre 2024 Presentaci\u00f3 al Casal Popular 3Voltes Rebel de Som la Cuina Comunit\u00e0ria de 9Barris"},"content":{"rendered":"\n<p>Es va presentar el projecte  a les persones que s&#8217;hi van apropar, van veure la Termopol que s&#8217;ha batejat amb el nom de \u00abTERMOFLOR\u00bb.<\/p>\n\n\n\n<p>Flor, la nostra companya, ha agafat el control de la m\u00e0quina i ens porta cap a uns menjars bon\u00edssims gr\u00e0cies a tot el seu equip; la Tina, la Daniela, la Marga, la Raquel, l&#8217;Emilia i la Carmen. <\/p>\n\n\n\n<p>La nostra capitana \u00e9s nutricionista col\u00b7legiada, empres\u00e0ria, emprenedora, t\u00e8cnica en climatitzaci\u00f3, s\u00f2cia, volunt\u00e0ria i sobretot una molt bona persona.<\/p>\n\n\n\n<p>Tot l&#8217;equip est\u00e0 format per dones que de manera volunt\u00e0ria posen tot el seu cor i entusiasme en crear aquest projecte que fomenta una alimentaci\u00f3 sana i saludable en els nostres territoris de gent treballadora, amb moltes persones en irregularitat administrativa i en situaci\u00f3 de vulnerabilitat.<\/p>\n\n\n\n<figure class=\"is-layout-flex wp-block-gallery-1 wp-block-gallery has-nested-images columns-default is-cropped\">\n<figure class=\"wp-block-image size-large\"><img decoding=\"async\" loading=\"lazy\" width=\"2560\" height=\"1706\" data-id=\"3553\"  src=\"https:\/\/web.somdelbarri.es\/wp-content\/uploads\/2024\/11\/Flor-_tapa-2.jpeg\" alt=\"\" class=\"wp-image-3553\"\/><\/figure>\n\n\n\n<figure class=\"wp-block-image size-large\"><img decoding=\"async\" loading=\"lazy\" width=\"1204\" height=\"1600\" data-id=\"3554\"  src=\"https:\/\/web.somdelbarri.es\/wp-content\/uploads\/2024\/11\/Flor_Emilia_Termoflor-1.jpeg\" alt=\"\" class=\"wp-image-3554\"\/><\/figure>\n\n\n\n<figure class=\"wp-block-image size-large\"><img decoding=\"async\" loading=\"lazy\" width=\"2560\" height=\"1706\" data-id=\"3555\"  src=\"https:\/\/web.somdelbarri.es\/wp-content\/uploads\/2024\/11\/Tina_rentant_maquina-1.jpeg\" alt=\"\" class=\"wp-image-3555\"\/><\/figure>\n<\/figure>\n","protected":false},"excerpt":{"rendered":"<p>Es va presentar el projecte a les persones que s&#8217;hi van apropar, van veure la Termopol que s&#8217;ha batejat amb el nom de \u00abTERMOFLOR\u00bb. Flor, la nostra companya, ha agafat [&hellip;]<\/p>\n","protected":false},"author":1,"featured_media":0,"comment_status":"open","ping_status":"open","sticky":false,"template":"","format":"standard","meta":[],"categories":[22],"tags":[],"_links":{"self":[{"href":"https:\/\/web.somdelbarri.es\/index.php?rest_route=\/wp\/v2\/posts\/3551"}],"collection":[{"href":"https:\/\/web.somdelbarri.es\/index.php?rest_route=\/wp\/v2\/posts"}],"about":[{"href":"https:\/\/web.somdelbarri.es\/index.php?rest_route=\/wp\/v2\/types\/post"}],"author":[{"embeddable":true,"href":"https:\/\/web.somdelbarri.es\/index.php?rest_route=\/wp\/v2\/users\/1"}],"replies":[{"embeddable":true,"href":"https:\/\/web.somdelbarri.es\/index.php?rest_route=%2Fwp%2Fv2%2Fcomments&post=3551"}],"version-history":[{"count":2,"href":"https:\/\/web.somdelbarri.es\/index.php?rest_route=\/wp\/v2\/posts\/3551\/revisions"}],"predecessor-version":[{"id":3566,"href":"https:\/\/web.somdelbarri.es\/index.php?rest_route=\/wp\/v2\/posts\/3551\/revisions\/3566"}],"wp:attachment":[{"href":"https:\/\/web.somdelbarri.es\/index.php?rest_route=%2Fwp%2Fv2%2Fmedia&parent=3551"}],"wp:term":[{"taxonomy":"category","embeddable":true,"href":"https:\/\/web.somdelbarri.es\/index.php?rest_route=%2Fwp%2Fv2%2Fcategories&post=3551"},{"taxonomy":"post_tag","embeddable":true,"href":"https:\/\/web.somdelbarri.es\/index.php?rest_route=%2Fwp%2Fv2%2Ftags&post=3551"}],"curies":[{"name":"wp","href":"https:\/\/api.w.org\/{rel}","templated":true}]}}