{"id":3504,"date":"2024-11-13T16:59:53","date_gmt":"2024-11-13T16:59:53","guid":{"rendered":"https:\/\/web.somdelbarri.es\/?p=3504"},"modified":"2024-11-13T17:02:12","modified_gmt":"2024-11-13T17:02:12","slug":"inauguracio-cuina-comunitaria-9b","status":"publish","type":"post","link":"https:\/\/web.somdelbarri.es\/?p=3504","title":{"rendered":"INAUGURACI\u00d3 CUINA COMUNIT\u00c0RIA 9b"},"content":{"rendered":"\n<p>Vine, hi haur\u00e0 el divendres el tastet de les llenties de franc. Vine!!<\/p>\n\n\n\n<p>Aqu\u00ed tens la programaci\u00f3 de les activitats que farem divendres i dissabte,<\/p>\n\n\n\n<figure class=\"wp-block-image size-full\"><img decoding=\"async\" loading=\"lazy\" width=\"449\" height=\"640\" src=\"https:\/\/web.somdelbarri.es\/wp-content\/uploads\/2024\/11\/Invitacio.jpg\" alt=\"\" class=\"wp-image-3505\"\/><\/figure>\n","protected":false},"excerpt":{"rendered":"<p>Vine, hi haur\u00e0 el divendres el tastet de les llenties de franc. Vine!! Aqu\u00ed tens la programaci\u00f3 de les activitats que farem divendres i dissabte,<\/p>\n","protected":false},"author":1,"featured_media":0,"comment_status":"open","ping_status":"open","sticky":false,"template":"","format":"standard","meta":[],"categories":[1],"tags":[],"_links":{"self":[{"href":"https:\/\/web.somdelbarri.es\/index.php?rest_route=\/wp\/v2\/posts\/3504"}],"collection":[{"href":"https:\/\/web.somdelbarri.es\/index.php?rest_route=\/wp\/v2\/posts"}],"about":[{"href":"https:\/\/web.somdelbarri.es\/index.php?rest_route=\/wp\/v2\/types\/post"}],"author":[{"embeddable":true,"href":"https:\/\/web.somdelbarri.es\/index.php?rest_route=\/wp\/v2\/users\/1"}],"replies":[{"embeddable":true,"href":"https:\/\/web.somdelbarri.es\/index.php?rest_route=%2Fwp%2Fv2%2Fcomments&post=3504"}],"version-history":[{"count":2,"href":"https:\/\/web.somdelbarri.es\/index.php?rest_route=\/wp\/v2\/posts\/3504\/revisions"}],"predecessor-version":[{"id":3508,"href":"https:\/\/web.somdelbarri.es\/index.php?rest_route=\/wp\/v2\/posts\/3504\/revisions\/3508"}],"wp:attachment":[{"href":"https:\/\/web.somdelbarri.es\/index.php?rest_route=%2Fwp%2Fv2%2Fmedia&parent=3504"}],"wp:term":[{"taxonomy":"category","embeddable":true,"href":"https:\/\/web.somdelbarri.es\/index.php?rest_route=%2Fwp%2Fv2%2Fcategories&post=3504"},{"taxonomy":"post_tag","embeddable":true,"href":"https:\/\/web.somdelbarri.es\/index.php?rest_route=%2Fwp%2Fv2%2Ftags&post=3504"}],"curies":[{"name":"wp","href":"https:\/\/api.w.org\/{rel}","templated":true}]}}