{"id":3254,"date":"2024-03-01T09:02:51","date_gmt":"2024-03-01T09:02:51","guid":{"rendered":"https:\/\/web.somdelbarri.es\/?p=3254"},"modified":"2024-04-15T21:51:24","modified_gmt":"2024-04-15T21:51:24","slug":"comencen-les-activitats","status":"publish","type":"post","link":"https:\/\/web.somdelbarri.es\/?p=3254","title":{"rendered":"Activitats 8 mar\u00e7!!!"},"content":{"rendered":"\n<p>A Verdum es va participar a l&#8217;acte amb les imatges de dones singulars i amb el taller de costura fes-te una faldilla. El top del maniqu\u00ed es va fer amb frases empoderadores de totes.<\/p>\n\n\n\n<figure class=\"is-layout-flex wp-block-gallery-1 wp-block-gallery has-nested-images columns-default is-cropped\">\n<figure class=\"wp-block-image size-large\"><img decoding=\"async\" loading=\"lazy\" width=\"1204\" height=\"1600\" data-id=\"3271\"  src=\"https:\/\/web.somdelbarri.es\/wp-content\/uploads\/2024\/04\/Verdum_8_marc_2024.jpg\" alt=\"\" class=\"wp-image-3271\"\/><\/figure>\n\n\n\n<figure class=\"wp-block-image size-large\"><img decoding=\"async\" loading=\"lazy\" width=\"1204\" height=\"1600\" data-id=\"3272\"  src=\"https:\/\/web.somdelbarri.es\/wp-content\/uploads\/2024\/04\/dones_singulars_2024.jpg\" alt=\"\" class=\"wp-image-3272\"\/><\/figure>\n<\/figure>\n\n\n\n<p>3\/8\/2024 Es va fer una intervenci\u00f3 art\u00edstica per tota la pla\u00e7a de Les Dones de Nou Barris amb frases <\/p>\n\n\n\n<figure class=\"is-layout-flex wp-block-gallery-3 wp-block-gallery has-nested-images columns-default is-cropped\">\n<figure class=\"wp-block-image size-large\"><img decoding=\"async\" loading=\"lazy\" width=\"2048\" height=\"1152\" data-id=\"3267\"  src=\"https:\/\/web.somdelbarri.es\/wp-content\/uploads\/2024\/03\/Placa-de-les-dones2.jpg\" alt=\"\" class=\"wp-image-3267\"\/><\/figure>\n\n\n\n<figure class=\"wp-block-image size-large\"><img decoding=\"async\" loading=\"lazy\" width=\"1152\" height=\"2048\" data-id=\"3266\"  src=\"https:\/\/web.somdelbarri.es\/wp-content\/uploads\/2024\/03\/Placa-de-les-dones3.jpg\" alt=\"\" class=\"wp-image-3266\"\/><\/figure>\n\n\n\n<figure class=\"wp-block-image size-large\"><img decoding=\"async\" loading=\"lazy\" width=\"2048\" height=\"1152\" data-id=\"3263\"  src=\"https:\/\/web.somdelbarri.es\/wp-content\/uploads\/2024\/04\/Placa-de-les-dones1.jpg\" alt=\"\" class=\"wp-image-3263\"\/><\/figure>\n\n\n\n<figure class=\"wp-block-image size-large\"><img decoding=\"async\" loading=\"lazy\" width=\"1131\" height=\"1600\" data-id=\"3262\"  src=\"https:\/\/web.somdelbarri.es\/wp-content\/uploads\/2024\/04\/Jornada-dones.jpeg\" alt=\"\" class=\"wp-image-3262\"\/><\/figure>\n<\/figure>\n","protected":false},"excerpt":{"rendered":"<p>A Verdum es va participar a l&#8217;acte amb les imatges de dones singulars i amb el taller de costura fes-te una faldilla. El top del maniqu\u00ed es va fer amb [&hellip;]<\/p>\n","protected":false},"author":1,"featured_media":0,"comment_status":"open","ping_status":"open","sticky":false,"template":"","format":"standard","meta":[],"categories":[1],"tags":[],"_links":{"self":[{"href":"https:\/\/web.somdelbarri.es\/index.php?rest_route=\/wp\/v2\/posts\/3254"}],"collection":[{"href":"https:\/\/web.somdelbarri.es\/index.php?rest_route=\/wp\/v2\/posts"}],"about":[{"href":"https:\/\/web.somdelbarri.es\/index.php?rest_route=\/wp\/v2\/types\/post"}],"author":[{"embeddable":true,"href":"https:\/\/web.somdelbarri.es\/index.php?rest_route=\/wp\/v2\/users\/1"}],"replies":[{"embeddable":true,"href":"https:\/\/web.somdelbarri.es\/index.php?rest_route=%2Fwp%2Fv2%2Fcomments&post=3254"}],"version-history":[{"count":3,"href":"https:\/\/web.somdelbarri.es\/index.php?rest_route=\/wp\/v2\/posts\/3254\/revisions"}],"predecessor-version":[{"id":3273,"href":"https:\/\/web.somdelbarri.es\/index.php?rest_route=\/wp\/v2\/posts\/3254\/revisions\/3273"}],"wp:attachment":[{"href":"https:\/\/web.somdelbarri.es\/index.php?rest_route=%2Fwp%2Fv2%2Fmedia&parent=3254"}],"wp:term":[{"taxonomy":"category","embeddable":true,"href":"https:\/\/web.somdelbarri.es\/index.php?rest_route=%2Fwp%2Fv2%2Fcategories&post=3254"},{"taxonomy":"post_tag","embeddable":true,"href":"https:\/\/web.somdelbarri.es\/index.php?rest_route=%2Fwp%2Fv2%2Ftags&post=3254"}],"curies":[{"name":"wp","href":"https:\/\/api.w.org\/{rel}","templated":true}]}}