{"id":3243,"date":"2024-02-26T13:35:28","date_gmt":"2024-02-26T13:35:28","guid":{"rendered":"https:\/\/web.somdelbarri.es\/?p=3243"},"modified":"2024-02-26T13:35:28","modified_gmt":"2024-02-26T13:35:28","slug":"14-febrer-dia-de-la-sardina-dimecres-de-cendra","status":"publish","type":"post","link":"https:\/\/web.somdelbarri.es\/?p=3243","title":{"rendered":"14 febrer Dia de la sardina. Dimecres de cendra."},"content":{"rendered":"\n<p>A Roquetes hem celebrat el Dia de l\u2019enterrament de la sardina a la pla\u00e7a dels titellaires. Som del Barri hem fet un taller de vestir la sardina i el xocolata de la festa.<\/p>\n\n\n\n<p>La uni\u00f3 de les entitats del barri i la col\u00b7laboraci\u00f3 de tothom han fet una tarda incre\u00efble amb les bandes de percussi\u00f3 de les dos escoles i l\u2019espectacle tan xulo que hem gaudit.<\/p>\n\n\n\n<figure class=\"is-layout-flex wp-block-gallery-1 wp-block-gallery has-nested-images columns-default is-cropped\">\n<figure class=\"wp-block-image size-large\"><img decoding=\"async\" loading=\"lazy\" width=\"703\" height=\"633\" data-id=\"3244\"  src=\"https:\/\/web.somdelbarri.es\/wp-content\/uploads\/2024\/02\/chocolatada.jpg\" alt=\"\" class=\"wp-image-3244\"\/><\/figure>\n\n\n\n<figure class=\"wp-block-image size-large\"><img decoding=\"async\" loading=\"lazy\" width=\"785\" height=\"636\" data-id=\"3247\"  src=\"https:\/\/web.somdelbarri.es\/wp-content\/uploads\/2024\/02\/chocolatada2.jpg\" alt=\"\" class=\"wp-image-3247\"\/><\/figure>\n\n\n\n<figure class=\"wp-block-image size-large\"><img decoding=\"async\" loading=\"lazy\" width=\"647\" height=\"436\" data-id=\"3246\"  src=\"https:\/\/web.somdelbarri.es\/wp-content\/uploads\/2024\/02\/Taller-sardina.jpg\" alt=\"\" class=\"wp-image-3246\"\/><\/figure>\n\n\n\n<figure class=\"wp-block-image size-large\"><img decoding=\"async\" loading=\"lazy\" width=\"564\" height=\"432\" data-id=\"3245\"  src=\"https:\/\/web.somdelbarri.es\/wp-content\/uploads\/2024\/02\/Taller-sardina2.jpg\" alt=\"\" class=\"wp-image-3245\"\/><\/figure>\n<\/figure>\n","protected":false},"excerpt":{"rendered":"<p>A Roquetes hem celebrat el Dia de l\u2019enterrament de la sardina a la pla\u00e7a dels titellaires. Som del Barri hem fet un taller de vestir la sardina i el xocolata [&hellip;]<\/p>\n","protected":false},"author":1,"featured_media":0,"comment_status":"open","ping_status":"open","sticky":false,"template":"","format":"standard","meta":[],"categories":[1],"tags":[],"_links":{"self":[{"href":"https:\/\/web.somdelbarri.es\/index.php?rest_route=\/wp\/v2\/posts\/3243"}],"collection":[{"href":"https:\/\/web.somdelbarri.es\/index.php?rest_route=\/wp\/v2\/posts"}],"about":[{"href":"https:\/\/web.somdelbarri.es\/index.php?rest_route=\/wp\/v2\/types\/post"}],"author":[{"embeddable":true,"href":"https:\/\/web.somdelbarri.es\/index.php?rest_route=\/wp\/v2\/users\/1"}],"replies":[{"embeddable":true,"href":"https:\/\/web.somdelbarri.es\/index.php?rest_route=%2Fwp%2Fv2%2Fcomments&post=3243"}],"version-history":[{"count":1,"href":"https:\/\/web.somdelbarri.es\/index.php?rest_route=\/wp\/v2\/posts\/3243\/revisions"}],"predecessor-version":[{"id":3248,"href":"https:\/\/web.somdelbarri.es\/index.php?rest_route=\/wp\/v2\/posts\/3243\/revisions\/3248"}],"wp:attachment":[{"href":"https:\/\/web.somdelbarri.es\/index.php?rest_route=%2Fwp%2Fv2%2Fmedia&parent=3243"}],"wp:term":[{"taxonomy":"category","embeddable":true,"href":"https:\/\/web.somdelbarri.es\/index.php?rest_route=%2Fwp%2Fv2%2Fcategories&post=3243"},{"taxonomy":"post_tag","embeddable":true,"href":"https:\/\/web.somdelbarri.es\/index.php?rest_route=%2Fwp%2Fv2%2Ftags&post=3243"}],"curies":[{"name":"wp","href":"https:\/\/api.w.org\/{rel}","templated":true}]}}