{"id":3211,"date":"2023-12-16T00:48:01","date_gmt":"2023-12-16T00:48:01","guid":{"rendered":"https:\/\/web.somdelbarri.es\/?p=3211"},"modified":"2024-01-01T20:48:43","modified_gmt":"2024-01-01T20:48:43","slug":"9fira-de-nadal-de-consum-responsable-i-economia-social-i-solidaria-placa-catalunya","status":"publish","type":"post","link":"https:\/\/web.somdelbarri.es\/?p=3211","title":{"rendered":"9FIRA DE NADAL DE CONSUM RESPONSABLE I ECONOMIA SOCIAL I SOLID\u00c0RIA Pla\u00e7a CATALUNYA"},"content":{"rendered":"\n<figure class=\"wp-block-image\"><img decoding=\"async\" src=\"https:\/\/web.somdelbarri.es\/wp-content\/uploads\/2024\/01\/Equip_Fira.jpeg\" alt=\"La imagen tiene un atributo ALT vac\u00edo; su nombre de archivo es Equip_Fira.jpeg\"\/><\/figure>\n\n\n\n<figure class=\"is-layout-flex wp-block-gallery-1 wp-block-gallery has-nested-images columns-default is-cropped\">\n<figure class=\"wp-block-image size-large\"><img decoding=\"async\" loading=\"lazy\" width=\"1200\" height=\"1600\" data-id=\"3224\"  src=\"https:\/\/web.somdelbarri.es\/wp-content\/uploads\/2024\/01\/cuero.jpeg\" alt=\"\" class=\"wp-image-3224\"\/><\/figure>\n\n\n\n<figure class=\"wp-block-image size-large\"><img decoding=\"async\" loading=\"lazy\" width=\"1600\" height=\"1350\" data-id=\"3225\"  src=\"https:\/\/web.somdelbarri.es\/wp-content\/uploads\/2024\/01\/Macrame.jpeg\" alt=\"\" class=\"wp-image-3225\"\/><\/figure>\n\n\n\n<figure class=\"wp-block-image size-large\"><img decoding=\"async\" loading=\"lazy\" width=\"1200\" height=\"1600\" data-id=\"3226\"  src=\"https:\/\/web.somdelbarri.es\/wp-content\/uploads\/2024\/01\/Reciclant.jpeg\" alt=\"\" class=\"wp-image-3226\"\/><\/figure>\n\n\n\n<figure class=\"wp-block-image size-large\"><img decoding=\"async\" loading=\"lazy\" width=\"1152\" height=\"2048\" data-id=\"3227\"  src=\"https:\/\/web.somdelbarri.es\/wp-content\/uploads\/2024\/01\/Stand1.jpeg\" alt=\"\" class=\"wp-image-3227\"\/><\/figure>\n\n\n\n<figure class=\"wp-block-image size-large\"><img decoding=\"async\" loading=\"lazy\" width=\"1152\" height=\"2048\" data-id=\"3228\"  src=\"https:\/\/web.somdelbarri.es\/wp-content\/uploads\/2024\/01\/Stand2.jpeg\" alt=\"\" class=\"wp-image-3228\"\/><\/figure>\n\n\n\n<figure class=\"wp-block-image size-large\"><img decoding=\"async\" loading=\"lazy\" width=\"1152\" height=\"2048\" data-id=\"3229\"  src=\"https:\/\/web.somdelbarri.es\/wp-content\/uploads\/2024\/01\/Valors_Fira.jpeg\" alt=\"\" class=\"wp-image-3229\"\/><\/figure>\n<\/figure>\n\n\n\n<p>Vine amb Som del Barri i les seves artesanes; <a href=\"http:\/\/@emiliagarciaoliver\">Emilia<\/a>, <a href=\"http:\/\/@elisa_tuning_cakes\">Elisa<\/a>, <a href=\"http:\/\/@leirbag_reinildis\">Raquel<\/a> i Siomara a descobrir els sabers de les nostres \u00e0vies, el reciclatge creant articles sostenibles, el treball amb materials naturals i els resultats de la customitzaci\u00f3, a m\u00e9s de compreses reciclables, d&#8217;alta qualitat i materials sostenibles. <\/p>\n\n\n\n<figure class=\"wp-block-image size-full\"><img decoding=\"async\" loading=\"lazy\" width=\"1080\" height=\"1080\" src=\"https:\/\/web.somdelbarri.es\/wp-content\/uploads\/2023\/12\/PostFira_Nadal.jpg\" alt=\"\" class=\"wp-image-3213\"\/><\/figure>\n\n\n\n<p><a href=\"https:\/\/ajuntament.barcelona.cat\/economia-social-solidaria\/ca\/9ena-fira-de-consum-responsable-i-deconomia-social-i-solidaria\">Enlla\u00e7 p\u00e0gina ajuntament<\/a><\/p>\n\n\n\n<figure class=\"wp-block-image size-full\"><img decoding=\"async\" loading=\"lazy\" width=\"1104\" height=\"286\" src=\"https:\/\/web.somdelbarri.es\/wp-content\/uploads\/2023\/12\/CalendariFira.jpg\" alt=\"\" class=\"wp-image-3214\"\/><\/figure>\n","protected":false},"excerpt":{"rendered":"<p>Vine amb Som del Barri i les seves artesanes; Emilia, Elisa, Raquel i Siomara a descobrir els sabers de les nostres \u00e0vies, el reciclatge creant articles sostenibles, el treball amb [&hellip;]<\/p>\n","protected":false},"author":1,"featured_media":0,"comment_status":"open","ping_status":"open","sticky":false,"template":"","format":"standard","meta":[],"categories":[1],"tags":[],"_links":{"self":[{"href":"https:\/\/web.somdelbarri.es\/index.php?rest_route=\/wp\/v2\/posts\/3211"}],"collection":[{"href":"https:\/\/web.somdelbarri.es\/index.php?rest_route=\/wp\/v2\/posts"}],"about":[{"href":"https:\/\/web.somdelbarri.es\/index.php?rest_route=\/wp\/v2\/types\/post"}],"author":[{"embeddable":true,"href":"https:\/\/web.somdelbarri.es\/index.php?rest_route=\/wp\/v2\/users\/1"}],"replies":[{"embeddable":true,"href":"https:\/\/web.somdelbarri.es\/index.php?rest_route=%2Fwp%2Fv2%2Fcomments&post=3211"}],"version-history":[{"count":5,"href":"https:\/\/web.somdelbarri.es\/index.php?rest_route=\/wp\/v2\/posts\/3211\/revisions"}],"predecessor-version":[{"id":3231,"href":"https:\/\/web.somdelbarri.es\/index.php?rest_route=\/wp\/v2\/posts\/3211\/revisions\/3231"}],"wp:attachment":[{"href":"https:\/\/web.somdelbarri.es\/index.php?rest_route=%2Fwp%2Fv2%2Fmedia&parent=3211"}],"wp:term":[{"taxonomy":"category","embeddable":true,"href":"https:\/\/web.somdelbarri.es\/index.php?rest_route=%2Fwp%2Fv2%2Fcategories&post=3211"},{"taxonomy":"post_tag","embeddable":true,"href":"https:\/\/web.somdelbarri.es\/index.php?rest_route=%2Fwp%2Fv2%2Ftags&post=3211"}],"curies":[{"name":"wp","href":"https:\/\/api.w.org\/{rel}","templated":true}]}}