{"id":3196,"date":"2023-12-05T07:53:12","date_gmt":"2023-12-05T07:53:12","guid":{"rendered":"https:\/\/web.somdelbarri.es\/?p=3196"},"modified":"2023-12-05T07:53:12","modified_gmt":"2023-12-05T07:53:12","slug":"jornada-contra-les-violencies-masclistes-el-24-de-novembre-a-nou-barris-amb-9barris-feminista","status":"publish","type":"post","link":"https:\/\/web.somdelbarri.es\/?p=3196","title":{"rendered":"Jornada contra les viol\u00e8ncies masclistes el 24 de novembre a Nou Barris amb 9Barris Feminista"},"content":{"rendered":"\n<p>A les 18:00 es va fer una concentraci\u00f3 a la pla\u00e7a de la Rep\u00fablica a la banda de sota el parc de la Guineueta <\/p>\n\n\n\n<p>En un banc de la pla\u00e7a es va fer un homenatge a dones del m\u00f3n que han estat assassinades per culpa del sistema capitalista i patriarcal ja fos per la defensa dels seus territoris o de les seves idees.<\/p>\n\n\n\n<p>Es va llegir un manifest i a l&#8217;acabar es recolliren les fotografies, per\u00f2 va quedar el banc amb el guarniment amb el lema \u00abPor nuestras muertas ni un minuto de silencio\u00bb<\/p>\n\n\n\n<p>Estem fartes dels feminicidis de tot tipus tant a l&#8217;\u00e0mbit familiar o a l&#8217;\u00e0mbit p\u00fablic <\/p>\n\n\n\n<figure class=\"is-layout-flex wp-block-gallery-1 wp-block-gallery has-nested-images columns-default is-cropped\">\n<figure class=\"wp-block-image size-large\"><img decoding=\"async\" loading=\"lazy\" width=\"960\" height=\"1280\" data-id=\"3197\"  src=\"https:\/\/web.somdelbarri.es\/wp-content\/uploads\/2023\/12\/24homenatge.jpg\" alt=\"\" class=\"wp-image-3197\"\/><\/figure>\n\n\n\n<figure class=\"wp-block-image size-large\"><img decoding=\"async\" loading=\"lazy\" width=\"1280\" height=\"960\" data-id=\"3198\"  src=\"https:\/\/web.somdelbarri.es\/wp-content\/uploads\/2023\/12\/24homenatgemissatge.jpg\" alt=\"\" class=\"wp-image-3198\"\/><\/figure>\n<\/figure>\n","protected":false},"excerpt":{"rendered":"<p>A les 18:00 es va fer una concentraci\u00f3 a la pla\u00e7a de la Rep\u00fablica a la banda de sota el parc de la Guineueta En un banc de la pla\u00e7a [&hellip;]<\/p>\n","protected":false},"author":1,"featured_media":0,"comment_status":"open","ping_status":"open","sticky":false,"template":"","format":"standard","meta":[],"categories":[1],"tags":[],"_links":{"self":[{"href":"https:\/\/web.somdelbarri.es\/index.php?rest_route=\/wp\/v2\/posts\/3196"}],"collection":[{"href":"https:\/\/web.somdelbarri.es\/index.php?rest_route=\/wp\/v2\/posts"}],"about":[{"href":"https:\/\/web.somdelbarri.es\/index.php?rest_route=\/wp\/v2\/types\/post"}],"author":[{"embeddable":true,"href":"https:\/\/web.somdelbarri.es\/index.php?rest_route=\/wp\/v2\/users\/1"}],"replies":[{"embeddable":true,"href":"https:\/\/web.somdelbarri.es\/index.php?rest_route=%2Fwp%2Fv2%2Fcomments&post=3196"}],"version-history":[{"count":1,"href":"https:\/\/web.somdelbarri.es\/index.php?rest_route=\/wp\/v2\/posts\/3196\/revisions"}],"predecessor-version":[{"id":3199,"href":"https:\/\/web.somdelbarri.es\/index.php?rest_route=\/wp\/v2\/posts\/3196\/revisions\/3199"}],"wp:attachment":[{"href":"https:\/\/web.somdelbarri.es\/index.php?rest_route=%2Fwp%2Fv2%2Fmedia&parent=3196"}],"wp:term":[{"taxonomy":"category","embeddable":true,"href":"https:\/\/web.somdelbarri.es\/index.php?rest_route=%2Fwp%2Fv2%2Fcategories&post=3196"},{"taxonomy":"post_tag","embeddable":true,"href":"https:\/\/web.somdelbarri.es\/index.php?rest_route=%2Fwp%2Fv2%2Ftags&post=3196"}],"curies":[{"name":"wp","href":"https:\/\/api.w.org\/{rel}","templated":true}]}}