{"id":3092,"date":"2023-09-17T21:35:10","date_gmt":"2023-09-17T21:35:10","guid":{"rendered":"https:\/\/web.somdelbarri.es\/?p=3092"},"modified":"2023-09-17T22:09:46","modified_gmt":"2023-09-17T22:09:46","slug":"mostra-dentitats-festes-majors-de-verdum-2023","status":"publish","type":"post","link":"https:\/\/web.somdelbarri.es\/?p=3092","title":{"rendered":"Mostra d&#8217;Entitats Festes Majors de Verdum 2023"},"content":{"rendered":"\n<p>El n\u00famero del sorteig ha estat el 881, a la pla\u00e7a no va sortir cap persona guanyadora. La panera de productes hi \u00e9s al C\/ Viladrosa, 130 fins l&#8217;11 d&#8217;octubre.<\/p>\n\n\n\n<p>No llencis la teva papereta, si no surt la persona guanyadora tornarem a fer un altre sorteig de les paperetes venudes.<\/p>\n\n\n\n<p>Aquest ha estat el primer any que hem participat de la Mostra d&#8217;Entitats.<\/p>\n\n\n\n<p>Gr\u00e0cies a la Comissi\u00f3 de Festes i a les ve\u00efnes per lo be que ens heu rebut, ens hem sentit molt estimades e integrades.<\/p>\n\n\n\n<figure class=\"is-layout-flex wp-block-gallery-1 wp-block-gallery has-nested-images columns-default is-cropped\">\n<figure class=\"wp-block-image size-large\"><img decoding=\"async\" loading=\"lazy\" width=\"1587\" height=\"2245\" data-id=\"3096\"  src=\"https:\/\/web.somdelbarri.es\/wp-content\/uploads\/2023\/09\/Volador1_SdB-2.jpeg\" alt=\"\" class=\"wp-image-3096\"\/><\/figure>\n\n\n\n<figure class=\"wp-block-image size-large\"><img decoding=\"async\" loading=\"lazy\" width=\"1587\" height=\"2245\" data-id=\"3097\"  src=\"https:\/\/web.somdelbarri.es\/wp-content\/uploads\/2023\/09\/Volador2_SdB-1.jpeg\" alt=\"\" class=\"wp-image-3097\"\/><\/figure>\n<\/figure>\n","protected":false},"excerpt":{"rendered":"<p>El n\u00famero del sorteig ha estat el 881, a la pla\u00e7a no va sortir cap persona guanyadora. La panera de productes hi \u00e9s al C\/ Viladrosa, 130 fins l&#8217;11 d&#8217;octubre. [&hellip;]<\/p>\n","protected":false},"author":1,"featured_media":0,"comment_status":"open","ping_status":"open","sticky":false,"template":"","format":"standard","meta":[],"categories":[1],"tags":[],"_links":{"self":[{"href":"https:\/\/web.somdelbarri.es\/index.php?rest_route=\/wp\/v2\/posts\/3092"}],"collection":[{"href":"https:\/\/web.somdelbarri.es\/index.php?rest_route=\/wp\/v2\/posts"}],"about":[{"href":"https:\/\/web.somdelbarri.es\/index.php?rest_route=\/wp\/v2\/types\/post"}],"author":[{"embeddable":true,"href":"https:\/\/web.somdelbarri.es\/index.php?rest_route=\/wp\/v2\/users\/1"}],"replies":[{"embeddable":true,"href":"https:\/\/web.somdelbarri.es\/index.php?rest_route=%2Fwp%2Fv2%2Fcomments&post=3092"}],"version-history":[{"count":2,"href":"https:\/\/web.somdelbarri.es\/index.php?rest_route=\/wp\/v2\/posts\/3092\/revisions"}],"predecessor-version":[{"id":3113,"href":"https:\/\/web.somdelbarri.es\/index.php?rest_route=\/wp\/v2\/posts\/3092\/revisions\/3113"}],"wp:attachment":[{"href":"https:\/\/web.somdelbarri.es\/index.php?rest_route=%2Fwp%2Fv2%2Fmedia&parent=3092"}],"wp:term":[{"taxonomy":"category","embeddable":true,"href":"https:\/\/web.somdelbarri.es\/index.php?rest_route=%2Fwp%2Fv2%2Fcategories&post=3092"},{"taxonomy":"post_tag","embeddable":true,"href":"https:\/\/web.somdelbarri.es\/index.php?rest_route=%2Fwp%2Fv2%2Ftags&post=3092"}],"curies":[{"name":"wp","href":"https:\/\/api.w.org\/{rel}","templated":true}]}}