{"id":3080,"date":"2023-09-17T20:59:47","date_gmt":"2023-09-17T20:59:47","guid":{"rendered":"https:\/\/web.somdelbarri.es\/?p=3080"},"modified":"2023-09-17T20:59:47","modified_gmt":"2023-09-17T20:59:47","slug":"jornada-dinauguracio-del-taller-local-del-projecte-de-costura","status":"publish","type":"post","link":"https:\/\/web.somdelbarri.es\/?p=3080","title":{"rendered":"Jornada d&#8217;Inauguraci\u00f3 del Taller\/Local del Projecte de Costura"},"content":{"rendered":"\n<p>Jornada d&#8217;il\u00b7lusi\u00f3 compartida amb s\u00f2cies i ve\u00efnes<\/p>\n\n\n\n<p>Este martes 12 de septiembre de 2023, tuvimos la gran ilusi\u00f3n de inaugurar un proyecto de ocupaci\u00f3n laboral liderado por nuestra socia Siomara Khadija.<\/p>\n\n\n\n<p>Gracias a todas las socias y vecinas que participaron, fue una tarde muy agradable en la que se facilit\u00f3 informaci\u00f3n sobre el taller, sobre el proyecto Som Dones del M\u00f3n y sobre nuestra querida asociaci\u00f3n Som del Barri.<\/p>\n\n\n\n<p>Las socias del proyecto quieren compartir con las vecinas esa ilusi\u00f3n y el d\u00eda 22 de septiembre hay la rifa de una mochila para las vecinas que est\u00e1bamos all\u00ed y las que se apunten en la lista hasta el dia 21 de septiembre.<\/p>\n\n\n\n<p>Tambi\u00e9n se estuvieron vendiendo n\u00fameros de la cesta que sorteaba el proyecto Som Dones del M\u00f3n para recaudar dinero para la compra de alimentos y material de higiene personal que se necesitan.<\/p>\n\n\n\n<p>El d\u00eda 16 de septiembre en la Muestra de Entidades de las Fiestas de Verdum, se realiz\u00f3 el sorteo y sali\u00f3 el n\u00famero 881.<\/p>\n\n\n\n<p>Como de momento no ha salido la persona ganadora, la cesta est\u00e1 en el taller C\/ Viladrosa, 130 esperando a que vaya a recogerla.<\/p>\n\n\n\n<p>Ya sabes, si necesitas algo relacionado con la costura, ven y lo hablamos.<\/p>\n\n\n\n<p>Estate atenta a la oferta formativa que queremos poner en marcha.<\/p>\n\n\n\n<figure class=\"is-layout-flex wp-block-gallery-1 wp-block-gallery has-nested-images columns-default is-cropped\">\n<figure class=\"wp-block-image size-large\"><img decoding=\"async\" loading=\"lazy\" width=\"1414\" height=\"2000\" data-id=\"3081\"  src=\"https:\/\/web.somdelbarri.es\/wp-content\/uploads\/2023\/09\/flyer1-2.jpeg\" alt=\"\" class=\"wp-image-3081\"\/><\/figure>\n\n\n\n<figure class=\"wp-block-image size-large\"><img decoding=\"async\" loading=\"lazy\" width=\"1414\" height=\"2000\" data-id=\"3082\"  src=\"https:\/\/web.somdelbarri.es\/wp-content\/uploads\/2023\/09\/flyer2-2.jpeg\" alt=\"\" class=\"wp-image-3082\"\/><\/figure>\n\n\n\n<figure class=\"wp-block-image size-large\"><img decoding=\"async\" loading=\"lazy\" width=\"1200\" height=\"797\" data-id=\"3084\"  src=\"https:\/\/web.somdelbarri.es\/wp-content\/uploads\/2023\/09\/som-del-barri-002.jpg\" alt=\"\" class=\"wp-image-3084\"\/><\/figure>\n\n\n\n<figure class=\"wp-block-image size-large\"><img decoding=\"async\" loading=\"lazy\" width=\"1200\" height=\"797\" data-id=\"3086\"  src=\"https:\/\/web.somdelbarri.es\/wp-content\/uploads\/2023\/09\/som-del-barri-013.jpg\" alt=\"\" class=\"wp-image-3086\"\/><\/figure>\n\n\n\n<figure class=\"wp-block-image size-large\"><img decoding=\"async\" loading=\"lazy\" width=\"1200\" height=\"797\" data-id=\"3087\"  src=\"https:\/\/web.somdelbarri.es\/wp-content\/uploads\/2023\/09\/som-del-barri-015.jpg\" alt=\"\" class=\"wp-image-3087\"\/><\/figure>\n\n\n\n<figure class=\"wp-block-image size-large\"><img decoding=\"async\" loading=\"lazy\" width=\"1200\" height=\"797\" data-id=\"3083\"  src=\"https:\/\/web.somdelbarri.es\/wp-content\/uploads\/2023\/09\/som-del-barri-022.jpg\" alt=\"\" class=\"wp-image-3083\"\/><\/figure>\n\n\n\n<figure class=\"wp-block-image size-large\"><img decoding=\"async\" loading=\"lazy\" width=\"1200\" height=\"853\" data-id=\"3085\"  src=\"https:\/\/web.somdelbarri.es\/wp-content\/uploads\/2023\/09\/som-del-barri-028.jpg\" alt=\"\" class=\"wp-image-3085\"\/><\/figure>\n\n\n\n<figure class=\"wp-block-image size-large\"><img decoding=\"async\" loading=\"lazy\" width=\"1200\" height=\"797\" data-id=\"3088\"  src=\"https:\/\/web.somdelbarri.es\/wp-content\/uploads\/2023\/09\/som-del-barri-029.jpg\" alt=\"\" class=\"wp-image-3088\"\/><\/figure>\n\n\n\n<figure class=\"wp-block-image size-large\"><img decoding=\"async\" loading=\"lazy\" width=\"1200\" height=\"797\" data-id=\"3089\"  src=\"https:\/\/web.somdelbarri.es\/wp-content\/uploads\/2023\/09\/som-del-barri-032.jpg\" alt=\"\" class=\"wp-image-3089\"\/><\/figure>\n\n\n\n<figure class=\"wp-block-image size-large\"><img decoding=\"async\" loading=\"lazy\" width=\"797\" height=\"1200\" data-id=\"3090\"  src=\"https:\/\/web.somdelbarri.es\/wp-content\/uploads\/2023\/09\/som-del-barri-035.jpg\" alt=\"\" class=\"wp-image-3090\"\/><\/figure>\n<\/figure>\n","protected":false},"excerpt":{"rendered":"<p>Jornada d&#8217;il\u00b7lusi\u00f3 compartida amb s\u00f2cies i ve\u00efnes Este martes 12 de septiembre de 2023, tuvimos la gran ilusi\u00f3n de inaugurar un proyecto de ocupaci\u00f3n laboral liderado por nuestra socia Siomara [&hellip;]<\/p>\n","protected":false},"author":1,"featured_media":0,"comment_status":"open","ping_status":"open","sticky":false,"template":"","format":"standard","meta":[],"categories":[1],"tags":[],"_links":{"self":[{"href":"https:\/\/web.somdelbarri.es\/index.php?rest_route=\/wp\/v2\/posts\/3080"}],"collection":[{"href":"https:\/\/web.somdelbarri.es\/index.php?rest_route=\/wp\/v2\/posts"}],"about":[{"href":"https:\/\/web.somdelbarri.es\/index.php?rest_route=\/wp\/v2\/types\/post"}],"author":[{"embeddable":true,"href":"https:\/\/web.somdelbarri.es\/index.php?rest_route=\/wp\/v2\/users\/1"}],"replies":[{"embeddable":true,"href":"https:\/\/web.somdelbarri.es\/index.php?rest_route=%2Fwp%2Fv2%2Fcomments&post=3080"}],"version-history":[{"count":1,"href":"https:\/\/web.somdelbarri.es\/index.php?rest_route=\/wp\/v2\/posts\/3080\/revisions"}],"predecessor-version":[{"id":3091,"href":"https:\/\/web.somdelbarri.es\/index.php?rest_route=\/wp\/v2\/posts\/3080\/revisions\/3091"}],"wp:attachment":[{"href":"https:\/\/web.somdelbarri.es\/index.php?rest_route=%2Fwp%2Fv2%2Fmedia&parent=3080"}],"wp:term":[{"taxonomy":"category","embeddable":true,"href":"https:\/\/web.somdelbarri.es\/index.php?rest_route=%2Fwp%2Fv2%2Fcategories&post=3080"},{"taxonomy":"post_tag","embeddable":true,"href":"https:\/\/web.somdelbarri.es\/index.php?rest_route=%2Fwp%2Fv2%2Ftags&post=3080"}],"curies":[{"name":"wp","href":"https:\/\/api.w.org\/{rel}","templated":true}]}}