{"id":2970,"date":"2023-09-06T20:57:29","date_gmt":"2023-09-06T20:57:29","guid":{"rendered":"https:\/\/web.somdelbarri.es\/?p=2970"},"modified":"2023-09-06T20:57:29","modified_gmt":"2023-09-06T20:57:29","slug":"som-dones-del-mon","status":"publish","type":"post","link":"https:\/\/web.somdelbarri.es\/?p=2970","title":{"rendered":"Som Dones del M\u00f3n"},"content":{"rendered":"\n<div class=\"is-layout-flow wp-block-group alignfull has-background\" style=\"background-color:#f5eac1;padding-top:6vw;padding-right:6vw;padding-bottom:6vw;padding-left:6vw\"><div class=\"wp-block-group__inner-container\">\n<div class=\"is-vertical is-nowrap is-layout-flex wp-container-1 wp-block-group\" style=\"padding-right:0;padding-left:0\">\n<h6 class=\"wp-block-heading has-text-color\" id=\"ecosystem\" style=\"color:#000000;font-size:16px\">PROJECTE<\/h6>\n\n\n\n<p class=\"has-text-color\" style=\"color:#000000;font-size:6vw;font-style:normal;font-weight:700;letter-spacing:0px;line-height:0.9;text-decoration:none;text-transform:none\">Som <\/p>\n\n\n\n<p class=\"has-text-color\" style=\"color:#000000;font-size:6vw;font-style:normal;font-weight:700;letter-spacing:0px;line-height:0.9;text-decoration:none;text-transform:none\">Dones del M\u00f3n<\/p>\n<\/div>\n\n\n\n<div style=\"height:1vw\" aria-hidden=\"true\" class=\"wp-block-spacer\"><\/div>\n\n\n\n<div class=\"is-vertical is-nowrap is-layout-flex wp-container-10 wp-block-group alignwide\" style=\"padding-top:0;padding-right:0;padding-bottom:0;padding-left:0\">\n<div class=\"is-layout-flex wp-container-6 wp-block-columns alignwide\">\n<div class=\"is-layout-flow wp-block-column\" style=\"flex-basis:33.38%\">\n<p>Projecte de voluntariat  amb persones sense llar del territori<\/p>\n\n\n\n<p>Ens hi trobar\u00e0s:  <\/p>\n\n\n\n<p>dissabte i diumenge <\/p>\n\n\n\n<p>de 12:00h-15:00h <\/p>\n\n\n\n<p>al Ton i Guida C\/ Roman\u00ed<\/p>\n\n\n\n<ul>\n<li>Aportaci\u00f3 d&#8217;aliments cuinats a les persones sense llar<\/li>\n<\/ul>\n\n\n\n<ul>\n<li>Acompanyament i assessorament als tr\u00e0mits b\u00e0sics i derivaci\u00f3<\/li>\n<\/ul>\n\n\n\n<ul>\n<li>Enxarxament comunitari al barri de Les Roquetes<\/li>\n<\/ul>\n<\/div>\n\n\n\n<div class=\"is-layout-flow wp-block-column\" style=\"flex-basis:33%\">\n<div style=\"height:2vw\" aria-hidden=\"true\" class=\"wp-block-spacer\"><\/div>\n\n\n\n<figure class=\"wp-block-image size-full\"><img decoding=\"async\" loading=\"lazy\" width=\"720\" height=\"721\" src=\"https:\/\/web.somdelbarri.es\/wp-content\/uploads\/2023\/09\/SomDonesMon_logo.jpg\" alt=\"\" class=\"wp-image-2964\"\/><\/figure>\n<\/div>\n\n\n\n<div class=\"is-layout-flow wp-block-column\" style=\"flex-basis:33.62%\">\n<div class=\"is-layout-constrained wp-block-group\"><div class=\"wp-block-group__inner-container\">\n<figure class=\"wp-block-image size-full\"><img decoding=\"async\" loading=\"lazy\" width=\"1599\" height=\"899\" src=\"https:\/\/web.somdelbarri.es\/wp-content\/uploads\/2023\/09\/0f2dd3e1-0f43-4e99-9cea-10567a02a8e4.jpg\" alt=\"\" class=\"wp-image-2950\"\/><figcaption class=\"wp-element-caption\">Con las donaciones de alimentos se elaboran el men\u00fa siempre haciendo que sea nutritivo y saludable<\/figcaption><\/figure>\n<\/div><\/div>\n<\/div>\n<\/div>\n\n\n\n<div class=\"is-layout-flex wp-container-9 wp-block-columns alignwide\">\n<div class=\"is-layout-flow wp-block-column\" style=\"flex-basis:69%\">\n<figure class=\"wp-block-image size-full\"><img decoding=\"async\" loading=\"lazy\" width=\"600\" height=\"436\" src=\"https:\/\/web.somdelbarri.es\/wp-content\/uploads\/2023\/09\/Certificat_establiment.jpg\" alt=\"\" class=\"wp-image-2958\"\/><figcaption class=\"wp-element-caption\">Els comer\u00e7os que fan donaci\u00f3 d&#8217;aliments reben aquest Certificat d&#8217;agra\u00efment<\/figcaption><\/figure>\n<\/div>\n\n\n\n<div class=\"is-layout-flow wp-block-column is-vertically-aligned-center\" style=\"flex-basis:33%\">\n<div style=\"height:2vw\" aria-hidden=\"true\" class=\"wp-block-spacer\"><\/div>\n\n\n\n<p class=\"has-text-color\" style=\"color:#000000;font-size:17px\">Agra\u00efments<\/p>\n\n\n\n<ul>\n<li>Associaci\u00f3 Rocket Project que gestiona el  Kasal de Joves de Roquetes<\/li>\n\n\n\n<li>Comerciants del barri de Roquetes<\/li>\n\n\n\n<li>Xarxa de Suport d&#8217;Aliments de Roquetes<\/li>\n\n\n\n<li>Paradistes del Mercat de Montserrat<\/li>\n\n\n\n<li>Ve\u00efnes i ve\u00efns de Roquetes i de Verdum<\/li>\n<\/ul>\n<\/div>\n<\/div>\n<\/div>\n<\/div><\/div>\n","protected":false},"excerpt":{"rendered":"<p>PROJECTE Som Dones del M\u00f3n Projecte de voluntariat amb persones sense llar del territori Ens hi trobar\u00e0s: dissabte i diumenge de 12:00h-15:00h al Ton i Guida C\/ Roman\u00ed Agra\u00efments<\/p>\n","protected":false},"author":1,"featured_media":0,"comment_status":"open","ping_status":"open","sticky":false,"template":"","format":"standard","meta":[],"categories":[1],"tags":[],"_links":{"self":[{"href":"https:\/\/web.somdelbarri.es\/index.php?rest_route=\/wp\/v2\/posts\/2970"}],"collection":[{"href":"https:\/\/web.somdelbarri.es\/index.php?rest_route=\/wp\/v2\/posts"}],"about":[{"href":"https:\/\/web.somdelbarri.es\/index.php?rest_route=\/wp\/v2\/types\/post"}],"author":[{"embeddable":true,"href":"https:\/\/web.somdelbarri.es\/index.php?rest_route=\/wp\/v2\/users\/1"}],"replies":[{"embeddable":true,"href":"https:\/\/web.somdelbarri.es\/index.php?rest_route=%2Fwp%2Fv2%2Fcomments&post=2970"}],"version-history":[{"count":4,"href":"https:\/\/web.somdelbarri.es\/index.php?rest_route=\/wp\/v2\/posts\/2970\/revisions"}],"predecessor-version":[{"id":2974,"href":"https:\/\/web.somdelbarri.es\/index.php?rest_route=\/wp\/v2\/posts\/2970\/revisions\/2974"}],"wp:attachment":[{"href":"https:\/\/web.somdelbarri.es\/index.php?rest_route=%2Fwp%2Fv2%2Fmedia&parent=2970"}],"wp:term":[{"taxonomy":"category","embeddable":true,"href":"https:\/\/web.somdelbarri.es\/index.php?rest_route=%2Fwp%2Fv2%2Fcategories&post=2970"},{"taxonomy":"post_tag","embeddable":true,"href":"https:\/\/web.somdelbarri.es\/index.php?rest_route=%2Fwp%2Fv2%2Ftags&post=2970"}],"curies":[{"name":"wp","href":"https:\/\/api.w.org\/{rel}","templated":true}]}}